{"id":2842,"date":"2024-06-28T11:00:45","date_gmt":"2024-06-28T09:00:45","guid":{"rendered":"https:\/\/cipad.fr\/?p=2842"},"modified":"2025-09-17T12:16:49","modified_gmt":"2025-09-17T10:16:49","slug":"afppe-congres-manipulateurs","status":"publish","type":"post","link":"https:\/\/cipad.fr\/index.php\/2024\/06\/28\/afppe-congres-manipulateurs\/","title":{"rendered":"Journ\u00e9es AFPPE : Notre Engagement pour l\u2019Imagerie M\u00e9dicale adapt\u00e9"},"content":{"rendered":"\t\t<div data-elementor-type=\"wp-post\" data-elementor-id=\"2842\" class=\"elementor elementor-2842\" data-elementor-post-type=\"post\">\n\t\t\t\t\t\t<section class=\"elementor-section elementor-top-section elementor-element elementor-element-0a84141 elementor-section-full_width elementor-section-height-default elementor-section-height-default\" data-id=\"0a84141\" data-element_type=\"section\">\n\t\t\t\t\t\t<div class=\"elementor-container elementor-column-gap-default\">\n\t\t\t\t\t<div class=\"elementor-column elementor-col-100 elementor-top-column elementor-element elementor-element-50298e6\" data-id=\"50298e6\" data-element_type=\"column\">\n\t\t\t<div class=\"elementor-widget-wrap elementor-element-populated\">\n\t\t\t\t\t\t<div class=\"elementor-element elementor-element-1911f10 elementor-widget elementor-widget-text-editor\" data-id=\"1911f10\" data-element_type=\"widget\" data-widget_type=\"text-editor.default\">\n\t\t\t\t<div class=\"elementor-widget-container\">\n\t\t\t\t\t\t\t\t\t<h2><span style=\"color: #003366;\"><b>Qu&rsquo;est-ce que l&rsquo;AFPPE<\/b> ?<\/span><\/h2><p><strong>L\u2019Association Fran\u00e7aise du Personnel Param\u00e9dical d\u2019\u00c9lectroradiologie (AFPPE) <\/strong>est une organisation professionnelle reconnue<strong>, <\/strong>d\u00e9di\u00e9e au d\u00e9veloppement des <strong>comp\u00e9tences des manipulateurs en \u00e9lectroradiologie m\u00e9dicale<\/strong>. Fond\u00e9e pour soutenir et former les professionnels du secteur, l\u2019AFPPE organise r\u00e9guli\u00e8rement des \u00e9v\u00e9nements scientifiques, des formations continues, et publie des ressources p\u00e9dagogiques pour encourager l\u2019excellence dans le domaine de l\u2019imagerie m\u00e9dicale. Son engagement envers l\u2019innovation et la qualit\u00e9 des soins en fait un acteur cl\u00e9 dans l\u2019\u00e9volution des pratiques en \u00e9lectroradiologie.<\/p><p>En savoir plus : <a href=\"https:\/\/new.afppe.com\/\">https:\/\/new.afppe.com\/<\/a><\/p><h2><span style=\"color: #003366;\">Une Conf\u00e9rence Riche en Enseignements<\/span><\/h2><p>Les 23 et 24 mai derniers, les manipulateurs en \u00e9lectroradiologie m\u00e9dicale de CIPAD ont eu le plaisir de participer aux journ\u00e9es scientifiques organis\u00e9es par l\u2019AFPPE. Cet \u00e9v\u00e9nement, tenu sur deux jours, a r\u00e9uni des professionnels de diverses sp\u00e9cialit\u00e9s pour discuter des avanc\u00e9es r\u00e9centes et des meilleures pratiques dans le domaine de l\u2019imagerie m\u00e9dicale. Les th\u00e8mes abord\u00e9s \u00e9taient particuli\u00e8rement pertinents et d\u2019actualit\u00e9, notamment le sport et le handicap, avec des exemples concrets comme les injections de PRP, le parcours des patients sourds et malentendants, ainsi que la prise en charge des personnes atteintes de d\u00e9mence.<\/p><h2><span style=\"color: #003366;\">Des Th\u00e8mes Vari\u00e9s<\/span><\/h2><p>Les journ\u00e9es scientifiques ont \u00e9t\u00e9 marqu\u00e9es par des conf\u00e9rences et des ateliers pratiques couvrant un large \u00e9ventail de sujets :<\/p><p>&#8211; <strong>Le Sport et le Handicap :<\/strong> Un des th\u00e8mes majeurs de la conf\u00e9rence a \u00e9t\u00e9 la mani\u00e8re dont les professionnels de l\u2019imagerie m\u00e9dicale peuvent mieux accompagner les sportifs handicap\u00e9s. Par exemple, les injections de PRP (Plasma Riche en Plaquettes) ont \u00e9t\u00e9 pr\u00e9sent\u00e9es comme une avanc\u00e9e significative pour traiter les blessures sportives, favorisant une r\u00e9cup\u00e9ration plus rapide et efficace.<\/p><p>&#8211; <strong>Parcours Patient Sourd et Malentendant :<\/strong> Une autre session cl\u00e9 a mis en lumi\u00e8re les d\u00e9fis rencontr\u00e9s par les patients sourds et malentendants dans le parcours de soins en imagerie m\u00e9dicale. Des strat\u00e9gies pour am\u00e9liorer leur exp\u00e9rience et leur acc\u00e8s aux soins ont \u00e9t\u00e9 discut\u00e9es, incluant des adaptations sp\u00e9cifiques dans la communication et l\u2019interpr\u00e9tation des r\u00e9sultats.<\/p><p>&#8211; <strong>Prise en Charge des Personnes avec D\u00e9mence :<\/strong> La conf\u00e9rence a \u00e9galement abord\u00e9 la prise en charge des patients atteints de d\u00e9mence. Les participants ont explor\u00e9 des m\u00e9thodes pour rendre les examens d\u2019imagerie plus accessibles et moins stressants pour ces patients vuln\u00e9rables.<\/p><p>&#8211;<strong> Bo\u00eete \u00e0 Id\u00e9es EISAMINCE :<\/strong> Une initiative innovante a \u00e9t\u00e9 la mise en place de la bo\u00eete \u00e0 id\u00e9es EISAMINCE dans les services. Ce dispositif permet aux manipulateurs de partager leurs id\u00e9es et suggestions pour am\u00e9liorer les pratiques et les conditions de travail, favorisant ainsi un environnement de travail plus collaboratif et dynamique.<\/p>\t\t\t\t\t\t\t\t<\/div>\n\t\t\t\t<\/div>\n\t\t\t\t<div class=\"elementor-element elementor-element-c9ee8cb elementor-widget elementor-widget-image\" data-id=\"c9ee8cb\" data-element_type=\"widget\" data-widget_type=\"image.default\">\n\t\t\t\t<div class=\"elementor-widget-container\">\n\t\t\t\t\t\t\t\t\t\t\t\t\t\t\t<img fetchpriority=\"high\" decoding=\"async\" width=\"1024\" height=\"508\" src=\"https:\/\/cipad.fr\/wp-content\/uploads\/2024\/06\/pexels-mart-production-7088538-scaled-e1719565762420-1024x508.jpg\" class=\"attachment-large size-large wp-image-2848\" alt=\"Manipulateur en train de travailler, r\u00e9gler un IRM\" srcset=\"https:\/\/cipad.fr\/wp-content\/uploads\/2024\/06\/pexels-mart-production-7088538-scaled-e1719565762420-1024x508.jpg 1024w, https:\/\/cipad.fr\/wp-content\/uploads\/2024\/06\/pexels-mart-production-7088538-scaled-e1719565762420-300x149.jpg 300w, https:\/\/cipad.fr\/wp-content\/uploads\/2024\/06\/pexels-mart-production-7088538-scaled-e1719565762420-768x381.jpg 768w, https:\/\/cipad.fr\/wp-content\/uploads\/2024\/06\/pexels-mart-production-7088538-scaled-e1719565762420-1536x763.jpg 1536w, https:\/\/cipad.fr\/wp-content\/uploads\/2024\/06\/pexels-mart-production-7088538-scaled-e1719565762420-600x298.jpg 600w, https:\/\/cipad.fr\/wp-content\/uploads\/2024\/06\/pexels-mart-production-7088538-scaled-e1719565762420.jpg 1706w\" sizes=\"(max-width: 1024px) 100vw, 1024px\" \/>\t\t\t\t\t\t\t\t\t\t\t\t\t\t\t<\/div>\n\t\t\t\t<\/div>\n\t\t\t\t<div class=\"elementor-element elementor-element-867c068 elementor-widget elementor-widget-text-editor\" data-id=\"867c068\" data-element_type=\"widget\" data-widget_type=\"text-editor.default\">\n\t\t\t\t<div class=\"elementor-widget-container\">\n\t\t\t\t\t\t\t\t\t<h2><span style=\"color: #003366;\">Interventions et \u00c9changes Enrichissants<\/span><\/h2><p>Les journ\u00e9es ont \u00e9t\u00e9 ponctu\u00e9es par des interventions de manipulateurs en \u00e9lectroradiologie et de radiologues, partageant leurs exp\u00e9riences et leurs connaissances sur les diff\u00e9rents th\u00e8mes. Ces \u00e9changes ont permis de renforcer les comp\u00e9tences des participants et de leur fournir de nouvelles perspectives sur les d\u00e9fis et les innovations dans le domaine de l\u2019imagerie m\u00e9dicale.<\/p><h2><span style=\"color: #003366;\">Les Cons\u00e9quences et Actions de CIPAD<\/span><\/h2><p>La participation de CIPAD \u00e0 cette conf\u00e9rence a eu des r\u00e9percussions concr\u00e8tes et positives sur nos pratiques. Inspir\u00e9s par les discussions et les innovations pr\u00e9sent\u00e9es, nous avons mis en place plusieurs actions pour am\u00e9liorer notre prise en charge des patients, notamment :<\/p><p>&#8211; <strong>Adaptation des Parcours de Soins :<\/strong> Nous allons r\u00e9vis\u00e9 nos proc\u00e9dures pour mieux accueillir et traiter les patients sourds et malentendants, assurant une communication plus claire et efficace.<\/p><p>&#8211; <strong>Bo\u00eete \u00e0 Objets pour Personnes Atteintes de D\u00e9mence : <\/strong><span style=\"font-size: 16px;\">Une bo\u00eete \u00e0 objets sp\u00e9cialement con\u00e7ue pour les personnes atteintes de d\u00e9mence et de la maladie d&rsquo;Alzheimer a \u00e9t\u00e9 mise en place. Elle contient des objets familiers et apaisants pour aider \u00e0 r\u00e9duire le stress et l&rsquo;anxi\u00e9t\u00e9 pendant les examens.<\/span><\/p><p>&#8211; <strong>Vid\u00e9o d&rsquo;Information pour Personnes Malentendantes : <\/strong>Des vid\u00e9os d&rsquo;information en langue des signes et avec des sous-titres vont \u00eatre mises en place sur notre site web pour aider les patients sourds et malentendants \u00e0 mieux comprendre les proc\u00e9dures d&rsquo;imagerie m\u00e9dicale.<\/p><p>Chez CIPAD, l\u2019\u00e9volution continue et l\u2019adaptation aux nouvelles pratiques sont au c\u0153ur de notre engagement. Participer \u00e0 des conf\u00e9rences comme celle organis\u00e9e par l\u2019AFFPPE est essentiel pour rester \u00e0 la pointe de l\u2019innovation en imagerie m\u00e9dicale et garantir des soins de qualit\u00e9 \u00e0 nos patients. Nous sommes d\u00e9termin\u00e9s \u00e0 continuer sur cette voie, en restant \u00e0 l\u2019\u00e9coute des nouvelles avanc\u00e9es et en mettant en \u0153uvre des solutions concr\u00e8tes pour am\u00e9liorer nos services.<\/p><p>Pour plus d\u2019informations sur nos services et nos initiatives, n\u2019h\u00e9sitez pas \u00e0 visiter notre site web.<\/p>\t\t\t\t\t\t\t\t<\/div>\n\t\t\t\t<\/div>\n\t\t\t\t<div class=\"elementor-element elementor-element-defe1b1 elementor-widget elementor-widget-spacer\" data-id=\"defe1b1\" data-element_type=\"widget\" data-widget_type=\"spacer.default\">\n\t\t\t\t<div class=\"elementor-widget-container\">\n\t\t\t\t\t\t\t<div class=\"elementor-spacer\">\n\t\t\t<div class=\"elementor-spacer-inner\"><\/div>\n\t\t<\/div>\n\t\t\t\t\t\t<\/div>\n\t\t\t\t<\/div>\n\t\t\t\t<div class=\"elementor-element elementor-element-d650623 elementor-align-center elementor-widget elementor-widget-button\" data-id=\"d650623\" data-element_type=\"widget\" data-widget_type=\"button.default\">\n\t\t\t\t<div class=\"elementor-widget-container\">\n\t\t\t\t\t\t\t\t\t<div class=\"elementor-button-wrapper\">\n\t\t\t\t\t<a class=\"elementor-button elementor-button-link elementor-size-sm\" href=\"https:\/\/cipad.fr\/\">\n\t\t\t\t\t\t<span class=\"elementor-button-content-wrapper\">\n\t\t\t\t\t\t\t\t\t<span class=\"elementor-button-text\">Pus d'information<\/span>\n\t\t\t\t\t<\/span>\n\t\t\t\t\t<\/a>\n\t\t\t\t<\/div>\n\t\t\t\t\t\t\t\t<\/div>\n\t\t\t\t<\/div>\n\t\t\t\t<div class=\"elementor-element elementor-element-633df92 elementor-widget elementor-widget-spacer\" data-id=\"633df92\" data-element_type=\"widget\" data-widget_type=\"spacer.default\">\n\t\t\t\t<div class=\"elementor-widget-container\">\n\t\t\t\t\t\t\t<div class=\"elementor-spacer\">\n\t\t\t<div class=\"elementor-spacer-inner\"><\/div>\n\t\t<\/div>\n\t\t\t\t\t\t<\/div>\n\t\t\t\t<\/div>\n\t\t\t\t\t<\/div>\n\t\t<\/div>\n\t\t\t\t\t<\/div>\n\t\t<\/section>\n\t\t\t\t<\/div>\n\t\t","protected":false},"excerpt":{"rendered":"<p>L\u2019Association Fran\u00e7aise du Personnel Param\u00e9dical d\u2019\u00c9lectroradiologie (AFFPPE) est une organisation professionnelle reconnue, d\u00e9di\u00e9e \u00e0 la promotion et au d\u00e9veloppement des comp\u00e9tences des manipulateurs en \u00e9lectroradiologie m\u00e9dicale.<\/p>\n","protected":false},"author":3,"featured_media":2848,"comment_status":"closed","ping_status":"open","sticky":false,"template":"","format":"standard","meta":{"site-sidebar-layout":"default","site-content-layout":"","ast-site-content-layout":"default","site-content-style":"default","site-sidebar-style":"default","ast-global-header-display":"","ast-banner-title-visibility":"","ast-main-header-display":"","ast-hfb-above-header-display":"","ast-hfb-below-header-display":"","ast-hfb-mobile-header-display":"","site-post-title":"","ast-breadcrumbs-content":"","ast-featured-img":"","footer-sml-layout":"","theme-transparent-header-meta":"","adv-header-id-meta":"","stick-header-meta":"","header-above-stick-meta":"","header-main-stick-meta":"","header-below-stick-meta":"","astra-migrate-meta-layouts":"set","ast-page-background-enabled":"default","ast-page-background-meta":{"desktop":{"background-color":"var(--ast-global-color-4)","background-image":"","background-repeat":"repeat","background-position":"center center","background-size":"auto","background-attachment":"scroll","background-type":"","background-media":"","overlay-type":"","overlay-color":"","overlay-opacity":"","overlay-gradient":""},"tablet":{"background-color":"","background-image":"","background-repeat":"repeat","background-position":"center center","background-size":"auto","background-attachment":"scroll","background-type":"","background-media":"","overlay-type":"","overlay-color":"","overlay-opacity":"","overlay-gradient":""},"mobile":{"background-color":"","background-image":"","background-repeat":"repeat","background-position":"center center","background-size":"auto","background-attachment":"scroll","background-type":"","background-media":"","overlay-type":"","overlay-color":"","overlay-opacity":"","overlay-gradient":""}},"ast-content-background-meta":{"desktop":{"background-color":"var(--ast-global-color-5)","background-image":"","background-repeat":"repeat","background-position":"center center","background-size":"auto","background-attachment":"scroll","background-type":"","background-media":"","overlay-type":"","overlay-color":"","overlay-opacity":"","overlay-gradient":""},"tablet":{"background-color":"var(--ast-global-color-5)","background-image":"","background-repeat":"repeat","background-position":"center center","background-size":"auto","background-attachment":"scroll","background-type":"","background-media":"","overlay-type":"","overlay-color":"","overlay-opacity":"","overlay-gradient":""},"mobile":{"background-color":"var(--ast-global-color-5)","background-image":"","background-repeat":"repeat","background-position":"center center","background-size":"auto","background-attachment":"scroll","background-type":"","background-media":"","overlay-type":"","overlay-color":"","overlay-opacity":"","overlay-gradient":""}},"footnotes":""},"categories":[11,26],"tags":[],"class_list":["post-2842","post","type-post","status-publish","format-standard","has-post-thumbnail","hentry","category-faq","category-informations-a-retenir"],"yoast_head":"<!-- This site is optimized with the Yoast SEO plugin v26.3 - https:\/\/yoast.com\/wordpress\/plugins\/seo\/ -->\n<title>Journ\u00e9es AFPPE : Notre Engagement pour l\u2019Imagerie M\u00e9dicale adapt\u00e9 - CIPAD<\/title>\n<meta name=\"description\" content=\"L\u2019Association Fran\u00e7aise du Personnel Param\u00e9dical d\u2019\u00c9lectroradiologie (AFFPPE) est une organisation professionnelle reconnue, d\u00e9di\u00e9e \u00e0 la promotion et au d\u00e9veloppement des comp\u00e9tences des manipulateurs en \u00e9lectroradiologie m\u00e9dicale.\" \/>\n<meta name=\"robots\" content=\"index, follow, max-snippet:-1, max-image-preview:large, max-video-preview:-1\" \/>\n<link rel=\"canonical\" href=\"https:\/\/cipad.fr\/index.php\/2024\/06\/28\/afppe-congres-manipulateurs\/\" \/>\n<meta property=\"og:locale\" content=\"fr_FR\" \/>\n<meta property=\"og:type\" content=\"article\" \/>\n<meta property=\"og:title\" content=\"Journ\u00e9es AFPPE : Notre Engagement pour l\u2019Imagerie M\u00e9dicale adapt\u00e9 - CIPAD\" \/>\n<meta property=\"og:description\" content=\"L\u2019Association Fran\u00e7aise du Personnel Param\u00e9dical d\u2019\u00c9lectroradiologie (AFFPPE) est une organisation professionnelle reconnue, d\u00e9di\u00e9e \u00e0 la promotion et au d\u00e9veloppement des comp\u00e9tences des manipulateurs en \u00e9lectroradiologie m\u00e9dicale.\" \/>\n<meta property=\"og:url\" content=\"https:\/\/cipad.fr\/index.php\/2024\/06\/28\/afppe-congres-manipulateurs\/\" \/>\n<meta property=\"og:site_name\" content=\"CIPAD\" \/>\n<meta property=\"article:published_time\" content=\"2024-06-28T09:00:45+00:00\" \/>\n<meta property=\"article:modified_time\" content=\"2025-09-17T10:16:49+00:00\" \/>\n<meta property=\"og:image\" content=\"https:\/\/cipad.fr\/wp-content\/uploads\/2024\/06\/pexels-mart-production-7088538-scaled-e1719565762420.jpg\" \/>\n\t<meta property=\"og:image:width\" content=\"1706\" \/>\n\t<meta property=\"og:image:height\" content=\"847\" \/>\n\t<meta property=\"og:image:type\" content=\"image\/jpeg\" \/>\n<meta name=\"author\" content=\"Ga\u00eblle Blineau\" \/>\n<meta name=\"twitter:card\" content=\"summary_large_image\" \/>\n<meta name=\"twitter:label1\" content=\"\u00c9crit par\" \/>\n\t<meta name=\"twitter:data1\" content=\"Ga\u00eblle Blineau\" \/>\n\t<meta name=\"twitter:label2\" content=\"Dur\u00e9e de lecture estim\u00e9e\" \/>\n\t<meta name=\"twitter:data2\" content=\"4 minutes\" \/>\n<script type=\"application\/ld+json\" class=\"yoast-schema-graph\">{\"@context\":\"https:\/\/schema.org\",\"@graph\":[{\"@type\":\"Article\",\"@id\":\"https:\/\/cipad.fr\/index.php\/2024\/06\/28\/afppe-congres-manipulateurs\/#article\",\"isPartOf\":{\"@id\":\"https:\/\/cipad.fr\/index.php\/2024\/06\/28\/afppe-congres-manipulateurs\/\"},\"author\":{\"name\":\"Ga\u00eblle Blineau\",\"@id\":\"https:\/\/cipad.fr\/#\/schema\/person\/f6c6e61f396b6b1dedae804b821bb408\"},\"headline\":\"Journ\u00e9es AFPPE : Notre Engagement pour l\u2019Imagerie M\u00e9dicale adapt\u00e9\",\"datePublished\":\"2024-06-28T09:00:45+00:00\",\"dateModified\":\"2025-09-17T10:16:49+00:00\",\"mainEntityOfPage\":{\"@id\":\"https:\/\/cipad.fr\/index.php\/2024\/06\/28\/afppe-congres-manipulateurs\/\"},\"wordCount\":857,\"publisher\":{\"@id\":\"https:\/\/cipad.fr\/#organization\"},\"image\":{\"@id\":\"https:\/\/cipad.fr\/index.php\/2024\/06\/28\/afppe-congres-manipulateurs\/#primaryimage\"},\"thumbnailUrl\":\"https:\/\/cipad.fr\/wp-content\/uploads\/2024\/06\/pexels-mart-production-7088538-scaled-e1719565762420.jpg\",\"articleSection\":[\"FAQ\",\"Informations \u00e0 retenir\"],\"inLanguage\":\"fr-FR\"},{\"@type\":\"WebPage\",\"@id\":\"https:\/\/cipad.fr\/index.php\/2024\/06\/28\/afppe-congres-manipulateurs\/\",\"url\":\"https:\/\/cipad.fr\/index.php\/2024\/06\/28\/afppe-congres-manipulateurs\/\",\"name\":\"Journ\u00e9es AFPPE : Notre Engagement pour l\u2019Imagerie M\u00e9dicale adapt\u00e9 - CIPAD\",\"isPartOf\":{\"@id\":\"https:\/\/cipad.fr\/#website\"},\"primaryImageOfPage\":{\"@id\":\"https:\/\/cipad.fr\/index.php\/2024\/06\/28\/afppe-congres-manipulateurs\/#primaryimage\"},\"image\":{\"@id\":\"https:\/\/cipad.fr\/index.php\/2024\/06\/28\/afppe-congres-manipulateurs\/#primaryimage\"},\"thumbnailUrl\":\"https:\/\/cipad.fr\/wp-content\/uploads\/2024\/06\/pexels-mart-production-7088538-scaled-e1719565762420.jpg\",\"datePublished\":\"2024-06-28T09:00:45+00:00\",\"dateModified\":\"2025-09-17T10:16:49+00:00\",\"description\":\"L\u2019Association Fran\u00e7aise du Personnel Param\u00e9dical d\u2019\u00c9lectroradiologie (AFFPPE) est une organisation professionnelle reconnue, d\u00e9di\u00e9e \u00e0 la promotion et au d\u00e9veloppement des comp\u00e9tences des manipulateurs en \u00e9lectroradiologie m\u00e9dicale.\",\"breadcrumb\":{\"@id\":\"https:\/\/cipad.fr\/index.php\/2024\/06\/28\/afppe-congres-manipulateurs\/#breadcrumb\"},\"inLanguage\":\"fr-FR\",\"potentialAction\":[{\"@type\":\"ReadAction\",\"target\":[\"https:\/\/cipad.fr\/index.php\/2024\/06\/28\/afppe-congres-manipulateurs\/\"]}]},{\"@type\":\"ImageObject\",\"inLanguage\":\"fr-FR\",\"@id\":\"https:\/\/cipad.fr\/index.php\/2024\/06\/28\/afppe-congres-manipulateurs\/#primaryimage\",\"url\":\"https:\/\/cipad.fr\/wp-content\/uploads\/2024\/06\/pexels-mart-production-7088538-scaled-e1719565762420.jpg\",\"contentUrl\":\"https:\/\/cipad.fr\/wp-content\/uploads\/2024\/06\/pexels-mart-production-7088538-scaled-e1719565762420.jpg\",\"width\":1706,\"height\":847,\"caption\":\"Manipulateur en train de travailler, r\u00e9gler un IRM\"},{\"@type\":\"BreadcrumbList\",\"@id\":\"https:\/\/cipad.fr\/index.php\/2024\/06\/28\/afppe-congres-manipulateurs\/#breadcrumb\",\"itemListElement\":[{\"@type\":\"ListItem\",\"position\":1,\"name\":\"Accueil\",\"item\":\"https:\/\/cipad.fr\/\"},{\"@type\":\"ListItem\",\"position\":2,\"name\":\"Journ\u00e9es AFPPE : Notre Engagement pour l\u2019Imagerie M\u00e9dicale adapt\u00e9\"}]},{\"@type\":\"WebSite\",\"@id\":\"https:\/\/cipad.fr\/#website\",\"url\":\"https:\/\/cipad.fr\/\",\"name\":\"CIPAD\",\"description\":\"Centre d&#039;Imagerie M\u00e9dicale Plaine de l&#039;Ain - Dombes\",\"publisher\":{\"@id\":\"https:\/\/cipad.fr\/#organization\"},\"potentialAction\":[{\"@type\":\"SearchAction\",\"target\":{\"@type\":\"EntryPoint\",\"urlTemplate\":\"https:\/\/cipad.fr\/?s={search_term_string}\"},\"query-input\":{\"@type\":\"PropertyValueSpecification\",\"valueRequired\":true,\"valueName\":\"search_term_string\"}}],\"inLanguage\":\"fr-FR\"},{\"@type\":\"Organization\",\"@id\":\"https:\/\/cipad.fr\/#organization\",\"name\":\"CIPAD\",\"url\":\"https:\/\/cipad.fr\/\",\"logo\":{\"@type\":\"ImageObject\",\"inLanguage\":\"fr-FR\",\"@id\":\"https:\/\/cipad.fr\/#\/schema\/logo\/image\/\",\"url\":\"https:\/\/cipad.fr\/wp-content\/uploads\/2022\/12\/CIPAD_logo.svg\",\"contentUrl\":\"https:\/\/cipad.fr\/wp-content\/uploads\/2022\/12\/CIPAD_logo.svg\",\"width\":264,\"height\":66,\"caption\":\"CIPAD\"},\"image\":{\"@id\":\"https:\/\/cipad.fr\/#\/schema\/logo\/image\/\"}},{\"@type\":\"Person\",\"@id\":\"https:\/\/cipad.fr\/#\/schema\/person\/f6c6e61f396b6b1dedae804b821bb408\",\"name\":\"Ga\u00eblle Blineau\",\"image\":{\"@type\":\"ImageObject\",\"inLanguage\":\"fr-FR\",\"@id\":\"https:\/\/cipad.fr\/#\/schema\/person\/image\/\",\"url\":\"https:\/\/secure.gravatar.com\/avatar\/2da94b15207c75c4b5c34dbe2112319a8f354a28ac33762ade59512d1a87856a?s=96&d=mm&r=g\",\"contentUrl\":\"https:\/\/secure.gravatar.com\/avatar\/2da94b15207c75c4b5c34dbe2112319a8f354a28ac33762ade59512d1a87856a?s=96&d=mm&r=g\",\"caption\":\"Ga\u00eblle Blineau\"},\"url\":\"https:\/\/cipad.fr\/index.php\/author\/gbcipa601\/\"}]}<\/script>\n<!-- \/ Yoast SEO plugin. -->","yoast_head_json":{"title":"Journ\u00e9es AFPPE : Notre Engagement pour l\u2019Imagerie M\u00e9dicale adapt\u00e9 - CIPAD","description":"L\u2019Association Fran\u00e7aise du Personnel Param\u00e9dical d\u2019\u00c9lectroradiologie (AFFPPE) est une organisation professionnelle reconnue, d\u00e9di\u00e9e \u00e0 la promotion et au d\u00e9veloppement des comp\u00e9tences des manipulateurs en \u00e9lectroradiologie m\u00e9dicale.","robots":{"index":"index","follow":"follow","max-snippet":"max-snippet:-1","max-image-preview":"max-image-preview:large","max-video-preview":"max-video-preview:-1"},"canonical":"https:\/\/cipad.fr\/index.php\/2024\/06\/28\/afppe-congres-manipulateurs\/","og_locale":"fr_FR","og_type":"article","og_title":"Journ\u00e9es AFPPE : Notre Engagement pour l\u2019Imagerie M\u00e9dicale adapt\u00e9 - CIPAD","og_description":"L\u2019Association Fran\u00e7aise du Personnel Param\u00e9dical d\u2019\u00c9lectroradiologie (AFFPPE) est une organisation professionnelle reconnue, d\u00e9di\u00e9e \u00e0 la promotion et au d\u00e9veloppement des comp\u00e9tences des manipulateurs en \u00e9lectroradiologie m\u00e9dicale.","og_url":"https:\/\/cipad.fr\/index.php\/2024\/06\/28\/afppe-congres-manipulateurs\/","og_site_name":"CIPAD","article_published_time":"2024-06-28T09:00:45+00:00","article_modified_time":"2025-09-17T10:16:49+00:00","og_image":[{"width":1706,"height":847,"url":"https:\/\/cipad.fr\/wp-content\/uploads\/2024\/06\/pexels-mart-production-7088538-scaled-e1719565762420.jpg","type":"image\/jpeg"}],"author":"Ga\u00eblle Blineau","twitter_card":"summary_large_image","twitter_misc":{"\u00c9crit par":"Ga\u00eblle Blineau","Dur\u00e9e de lecture estim\u00e9e":"4 minutes"},"schema":{"@context":"https:\/\/schema.org","@graph":[{"@type":"Article","@id":"https:\/\/cipad.fr\/index.php\/2024\/06\/28\/afppe-congres-manipulateurs\/#article","isPartOf":{"@id":"https:\/\/cipad.fr\/index.php\/2024\/06\/28\/afppe-congres-manipulateurs\/"},"author":{"name":"Ga\u00eblle Blineau","@id":"https:\/\/cipad.fr\/#\/schema\/person\/f6c6e61f396b6b1dedae804b821bb408"},"headline":"Journ\u00e9es AFPPE : Notre Engagement pour l\u2019Imagerie M\u00e9dicale adapt\u00e9","datePublished":"2024-06-28T09:00:45+00:00","dateModified":"2025-09-17T10:16:49+00:00","mainEntityOfPage":{"@id":"https:\/\/cipad.fr\/index.php\/2024\/06\/28\/afppe-congres-manipulateurs\/"},"wordCount":857,"publisher":{"@id":"https:\/\/cipad.fr\/#organization"},"image":{"@id":"https:\/\/cipad.fr\/index.php\/2024\/06\/28\/afppe-congres-manipulateurs\/#primaryimage"},"thumbnailUrl":"https:\/\/cipad.fr\/wp-content\/uploads\/2024\/06\/pexels-mart-production-7088538-scaled-e1719565762420.jpg","articleSection":["FAQ","Informations \u00e0 retenir"],"inLanguage":"fr-FR"},{"@type":"WebPage","@id":"https:\/\/cipad.fr\/index.php\/2024\/06\/28\/afppe-congres-manipulateurs\/","url":"https:\/\/cipad.fr\/index.php\/2024\/06\/28\/afppe-congres-manipulateurs\/","name":"Journ\u00e9es AFPPE : Notre Engagement pour l\u2019Imagerie M\u00e9dicale adapt\u00e9 - CIPAD","isPartOf":{"@id":"https:\/\/cipad.fr\/#website"},"primaryImageOfPage":{"@id":"https:\/\/cipad.fr\/index.php\/2024\/06\/28\/afppe-congres-manipulateurs\/#primaryimage"},"image":{"@id":"https:\/\/cipad.fr\/index.php\/2024\/06\/28\/afppe-congres-manipulateurs\/#primaryimage"},"thumbnailUrl":"https:\/\/cipad.fr\/wp-content\/uploads\/2024\/06\/pexels-mart-production-7088538-scaled-e1719565762420.jpg","datePublished":"2024-06-28T09:00:45+00:00","dateModified":"2025-09-17T10:16:49+00:00","description":"L\u2019Association Fran\u00e7aise du Personnel Param\u00e9dical d\u2019\u00c9lectroradiologie (AFFPPE) est une organisation professionnelle reconnue, d\u00e9di\u00e9e \u00e0 la promotion et au d\u00e9veloppement des comp\u00e9tences des manipulateurs en \u00e9lectroradiologie m\u00e9dicale.","breadcrumb":{"@id":"https:\/\/cipad.fr\/index.php\/2024\/06\/28\/afppe-congres-manipulateurs\/#breadcrumb"},"inLanguage":"fr-FR","potentialAction":[{"@type":"ReadAction","target":["https:\/\/cipad.fr\/index.php\/2024\/06\/28\/afppe-congres-manipulateurs\/"]}]},{"@type":"ImageObject","inLanguage":"fr-FR","@id":"https:\/\/cipad.fr\/index.php\/2024\/06\/28\/afppe-congres-manipulateurs\/#primaryimage","url":"https:\/\/cipad.fr\/wp-content\/uploads\/2024\/06\/pexels-mart-production-7088538-scaled-e1719565762420.jpg","contentUrl":"https:\/\/cipad.fr\/wp-content\/uploads\/2024\/06\/pexels-mart-production-7088538-scaled-e1719565762420.jpg","width":1706,"height":847,"caption":"Manipulateur en train de travailler, r\u00e9gler un IRM"},{"@type":"BreadcrumbList","@id":"https:\/\/cipad.fr\/index.php\/2024\/06\/28\/afppe-congres-manipulateurs\/#breadcrumb","itemListElement":[{"@type":"ListItem","position":1,"name":"Accueil","item":"https:\/\/cipad.fr\/"},{"@type":"ListItem","position":2,"name":"Journ\u00e9es AFPPE : Notre Engagement pour l\u2019Imagerie M\u00e9dicale adapt\u00e9"}]},{"@type":"WebSite","@id":"https:\/\/cipad.fr\/#website","url":"https:\/\/cipad.fr\/","name":"CIPAD","description":"Centre d&#039;Imagerie M\u00e9dicale Plaine de l&#039;Ain - Dombes","publisher":{"@id":"https:\/\/cipad.fr\/#organization"},"potentialAction":[{"@type":"SearchAction","target":{"@type":"EntryPoint","urlTemplate":"https:\/\/cipad.fr\/?s={search_term_string}"},"query-input":{"@type":"PropertyValueSpecification","valueRequired":true,"valueName":"search_term_string"}}],"inLanguage":"fr-FR"},{"@type":"Organization","@id":"https:\/\/cipad.fr\/#organization","name":"CIPAD","url":"https:\/\/cipad.fr\/","logo":{"@type":"ImageObject","inLanguage":"fr-FR","@id":"https:\/\/cipad.fr\/#\/schema\/logo\/image\/","url":"https:\/\/cipad.fr\/wp-content\/uploads\/2022\/12\/CIPAD_logo.svg","contentUrl":"https:\/\/cipad.fr\/wp-content\/uploads\/2022\/12\/CIPAD_logo.svg","width":264,"height":66,"caption":"CIPAD"},"image":{"@id":"https:\/\/cipad.fr\/#\/schema\/logo\/image\/"}},{"@type":"Person","@id":"https:\/\/cipad.fr\/#\/schema\/person\/f6c6e61f396b6b1dedae804b821bb408","name":"Ga\u00eblle Blineau","image":{"@type":"ImageObject","inLanguage":"fr-FR","@id":"https:\/\/cipad.fr\/#\/schema\/person\/image\/","url":"https:\/\/secure.gravatar.com\/avatar\/2da94b15207c75c4b5c34dbe2112319a8f354a28ac33762ade59512d1a87856a?s=96&d=mm&r=g","contentUrl":"https:\/\/secure.gravatar.com\/avatar\/2da94b15207c75c4b5c34dbe2112319a8f354a28ac33762ade59512d1a87856a?s=96&d=mm&r=g","caption":"Ga\u00eblle Blineau"},"url":"https:\/\/cipad.fr\/index.php\/author\/gbcipa601\/"}]}},"_links":{"self":[{"href":"https:\/\/cipad.fr\/index.php\/wp-json\/wp\/v2\/posts\/2842","targetHints":{"allow":["GET"]}}],"collection":[{"href":"https:\/\/cipad.fr\/index.php\/wp-json\/wp\/v2\/posts"}],"about":[{"href":"https:\/\/cipad.fr\/index.php\/wp-json\/wp\/v2\/types\/post"}],"author":[{"embeddable":true,"href":"https:\/\/cipad.fr\/index.php\/wp-json\/wp\/v2\/users\/3"}],"replies":[{"embeddable":true,"href":"https:\/\/cipad.fr\/index.php\/wp-json\/wp\/v2\/comments?post=2842"}],"version-history":[{"count":35,"href":"https:\/\/cipad.fr\/index.php\/wp-json\/wp\/v2\/posts\/2842\/revisions"}],"predecessor-version":[{"id":2883,"href":"https:\/\/cipad.fr\/index.php\/wp-json\/wp\/v2\/posts\/2842\/revisions\/2883"}],"wp:featuredmedia":[{"embeddable":true,"href":"https:\/\/cipad.fr\/index.php\/wp-json\/wp\/v2\/media\/2848"}],"wp:attachment":[{"href":"https:\/\/cipad.fr\/index.php\/wp-json\/wp\/v2\/media?parent=2842"}],"wp:term":[{"taxonomy":"category","embeddable":true,"href":"https:\/\/cipad.fr\/index.php\/wp-json\/wp\/v2\/categories?post=2842"},{"taxonomy":"post_tag","embeddable":true,"href":"https:\/\/cipad.fr\/index.php\/wp-json\/wp\/v2\/tags?post=2842"}],"curies":[{"name":"wp","href":"https:\/\/api.w.org\/{rel}","templated":true}]}}